{"id":842,"date":"2025-03-03T14:23:53","date_gmt":"2025-03-03T13:23:53","guid":{"rendered":"https:\/\/residence-aquitaine.fr\/blog\/?p=842"},"modified":"2025-03-03T15:16:27","modified_gmt":"2025-03-03T14:16:27","slug":"plus-deau","status":"publish","type":"post","link":"https:\/\/residence-aquitaine.fr\/blog\/plus-deau\/","title":{"rendered":"Plus d&rsquo;eau\u2026 (retour \u00e0 la normale)"},"content":{"rendered":"\n<p class=\"wp-block-paragraph\">Bonjour,<\/p>\n\n\n\n<p class=\"wp-block-paragraph\">Suite \u00e0 des probl\u00e8mes d&rsquo;\u00e9vacuation d&rsquo;eau au rez-de-chauss\u00e9e, l&rsquo;eau est actuellement coup\u00e9e dans l&rsquo;immeuble. Elle devrait \u00eatre r\u00e9-ouverte dans la journ\u00e9e.<\/p>\n\n\n\n<p class=\"wp-block-paragraph\"><em>Mis \u00e0 jour: <\/em><\/p>\n\n\n\n<p class=\"wp-block-paragraph\">Visiblement le probl\u00e8me d&rsquo;\u00e9vacuation a \u00e9t\u00e9 r\u00e9solu, l&rsquo;eau est de retour.<\/p>\n\n\n\n<p class=\"wp-block-paragraph\"><\/p>\n\n\n\n<p class=\"wp-block-paragraph\">Olivier.<\/p>\n","protected":false},"excerpt":{"rendered":"<p>Bonjour, Suite \u00e0 des probl\u00e8mes d&rsquo;\u00e9vacuation d&rsquo;eau au rez-de-chauss\u00e9e, l&rsquo;eau est actuellement coup\u00e9e dans l&rsquo;immeuble. Elle devrait \u00eatre r\u00e9-ouverte dans la journ\u00e9e. Mis \u00e0 jour: Visiblement le probl\u00e8me d&rsquo;\u00e9vacuation a \u00e9t\u00e9 r\u00e9solu, l&rsquo;eau est de retour. Olivier.<\/p>\n","protected":false},"author":1,"featured_media":0,"comment_status":"closed","ping_status":"closed","sticky":false,"template":"","format":"standard","meta":{"_crdt_document":"","footnotes":""},"categories":[1],"tags":[],"class_list":["post-842","post","type-post","status-publish","format-standard","hentry","category-non-classe"],"_links":{"self":[{"href":"https:\/\/residence-aquitaine.fr\/blog\/wp-json\/wp\/v2\/posts\/842","targetHints":{"allow":["GET"]}}],"collection":[{"href":"https:\/\/residence-aquitaine.fr\/blog\/wp-json\/wp\/v2\/posts"}],"about":[{"href":"https:\/\/residence-aquitaine.fr\/blog\/wp-json\/wp\/v2\/types\/post"}],"author":[{"embeddable":true,"href":"https:\/\/residence-aquitaine.fr\/blog\/wp-json\/wp\/v2\/users\/1"}],"replies":[{"embeddable":true,"href":"https:\/\/residence-aquitaine.fr\/blog\/wp-json\/wp\/v2\/comments?post=842"}],"version-history":[{"count":3,"href":"https:\/\/residence-aquitaine.fr\/blog\/wp-json\/wp\/v2\/posts\/842\/revisions"}],"predecessor-version":[{"id":845,"href":"https:\/\/residence-aquitaine.fr\/blog\/wp-json\/wp\/v2\/posts\/842\/revisions\/845"}],"wp:attachment":[{"href":"https:\/\/residence-aquitaine.fr\/blog\/wp-json\/wp\/v2\/media?parent=842"}],"wp:term":[{"taxonomy":"category","embeddable":true,"href":"https:\/\/residence-aquitaine.fr\/blog\/wp-json\/wp\/v2\/categories?post=842"},{"taxonomy":"post_tag","embeddable":true,"href":"https:\/\/residence-aquitaine.fr\/blog\/wp-json\/wp\/v2\/tags?post=842"}],"curies":[{"name":"wp","href":"https:\/\/api.w.org\/{rel}","templated":true}]}}