{"id":765,"date":"2022-07-03T15:21:00","date_gmt":"2022-07-03T13:21:00","guid":{"rendered":"https:\/\/residence-aquitaine.fr\/blog\/?p=765"},"modified":"2022-07-03T15:21:01","modified_gmt":"2022-07-03T13:21:01","slug":"plus-deau-chaude-5","status":"publish","type":"post","link":"https:\/\/residence-aquitaine.fr\/blog\/plus-deau-chaude-5\/","title":{"rendered":"Plus d&rsquo;eau chaude\u2026"},"content":{"rendered":"\n<p class=\"wp-block-paragraph\">Bonjour,<\/p>\n\n\n\n<p class=\"wp-block-paragraph\">Depuis ce matin nous n&rsquo;avons plus d&rsquo;eau chaude dans la r\u00e9sidence.<\/p>\n\n\n\n<p class=\"wp-block-paragraph\">Apr\u00e8s \u00eatre all\u00e9 voir sur le site d&rsquo;Enoris : <a href=\"https:\/\/www.rezomee.fr\/reseau-chaleur-massy-antony\/actu\/travaux\/coupure-eau-chaude-sanitaire-enoris-3-juillet\">coupure pour maintenance\u2026<\/a><\/p>\n\n\n\n<p class=\"wp-block-paragraph\">Contrairement \u00e0 ce qui y est indiqu\u00e9 nous n&rsquo;avons pas \u00e9t\u00e9 mis au courant.<\/p>\n\n\n\n<p class=\"wp-block-paragraph\">Donc nous n&rsquo;allons pas avoir d&rsquo;eau chaude jusqu&rsquo;\u00e0 jeudi\u2026<\/p>\n\n\n\n<p class=\"wp-block-paragraph\">Olivier.<\/p>\n","protected":false},"excerpt":{"rendered":"<p>Bonjour, Depuis ce matin nous n&rsquo;avons plus d&rsquo;eau chaude dans la r\u00e9sidence. Apr\u00e8s \u00eatre all\u00e9 voir sur le site d&rsquo;Enoris : coupure pour maintenance\u2026 Contrairement \u00e0 ce qui y est indiqu\u00e9 nous n&rsquo;avons pas \u00e9t\u00e9 mis au courant. Donc nous n&rsquo;allons pas avoir d&rsquo;eau chaude jusqu&rsquo;\u00e0 jeudi\u2026 Olivier.<\/p>\n","protected":false},"author":1,"featured_media":0,"comment_status":"closed","ping_status":"closed","sticky":false,"template":"","format":"standard","meta":{"_crdt_document":"","footnotes":""},"categories":[1],"tags":[],"class_list":["post-765","post","type-post","status-publish","format-standard","hentry","category-non-classe"],"_links":{"self":[{"href":"https:\/\/residence-aquitaine.fr\/blog\/wp-json\/wp\/v2\/posts\/765","targetHints":{"allow":["GET"]}}],"collection":[{"href":"https:\/\/residence-aquitaine.fr\/blog\/wp-json\/wp\/v2\/posts"}],"about":[{"href":"https:\/\/residence-aquitaine.fr\/blog\/wp-json\/wp\/v2\/types\/post"}],"author":[{"embeddable":true,"href":"https:\/\/residence-aquitaine.fr\/blog\/wp-json\/wp\/v2\/users\/1"}],"replies":[{"embeddable":true,"href":"https:\/\/residence-aquitaine.fr\/blog\/wp-json\/wp\/v2\/comments?post=765"}],"version-history":[{"count":1,"href":"https:\/\/residence-aquitaine.fr\/blog\/wp-json\/wp\/v2\/posts\/765\/revisions"}],"predecessor-version":[{"id":766,"href":"https:\/\/residence-aquitaine.fr\/blog\/wp-json\/wp\/v2\/posts\/765\/revisions\/766"}],"wp:attachment":[{"href":"https:\/\/residence-aquitaine.fr\/blog\/wp-json\/wp\/v2\/media?parent=765"}],"wp:term":[{"taxonomy":"category","embeddable":true,"href":"https:\/\/residence-aquitaine.fr\/blog\/wp-json\/wp\/v2\/categories?post=765"},{"taxonomy":"post_tag","embeddable":true,"href":"https:\/\/residence-aquitaine.fr\/blog\/wp-json\/wp\/v2\/tags?post=765"}],"curies":[{"name":"wp","href":"https:\/\/api.w.org\/{rel}","templated":true}]}}