{"id":169,"date":"2015-06-18T09:27:38","date_gmt":"2015-06-18T07:27:38","guid":{"rendered":"http:\/\/residence-aquitaine.fr\/blog\/?p=169"},"modified":"2015-06-18T09:27:38","modified_gmt":"2015-06-18T07:27:38","slug":"humeur","status":"publish","type":"post","link":"https:\/\/residence-aquitaine.fr\/blog\/humeur\/","title":{"rendered":"Humeur\u2026"},"content":{"rendered":"<p>Bonjour,<\/p>\n<p>ce matin dans l&rsquo;ascenseur un petit mot anonyme demandais, je cite : \u00ab le conseil syndical dort ? \u00bb<\/p>\n<p>Pour r\u00e9pondre \u00e0 ce grand courageux, non nous ne dormons pas. De plus nous n\u2019emp\u00eachons pas ce r\u00e9sident de se prendre par la main et de faire les d\u00e9marches n\u00e9cessaires pour faire avancer les choses.<\/p>\n<p>Nous avons <a href=\"http:\/\/residence-aquitaine.fr\/blog\/contacts\/\">une bo\u00eete aux lettres<\/a>, une adresse <a href=\"mailto:residence_aquitaine@yahoo.fr\">email<\/a>, un <a href=\"http:\/\/residence-aquitaine.fr\/blog\/forum\/\">forum<\/a>. S&rsquo;il veut nous contacter, les moyens ne manquent pas.<\/p>\n<p>Olivier.<\/p>\n","protected":false},"excerpt":{"rendered":"<p>Bonjour, ce matin dans l&rsquo;ascenseur un petit mot anonyme demandais, je cite : \u00ab le conseil syndical dort ? \u00bb Pour r\u00e9pondre \u00e0 ce grand courageux, non nous ne dormons pas. De plus nous n\u2019emp\u00eachons pas ce r\u00e9sident de se prendre par la main et de faire les d\u00e9marches n\u00e9cessaires pour faire avancer les choses. <span class=\"ellipsis\">&hellip;<\/span> <span class=\"more-link-wrap\"><a href=\"https:\/\/residence-aquitaine.fr\/blog\/humeur\/\" class=\"more-link\"><span>Read More &rarr;<\/span><\/a><\/span><\/p>\n","protected":false},"author":1,"featured_media":0,"comment_status":"closed","ping_status":"closed","sticky":false,"template":"","format":"aside","meta":{"_crdt_document":"","footnotes":""},"categories":[10],"tags":[],"class_list":["post-169","post","type-post","status-publish","format-aside","hentry","category-humeur","post_format-post-format-aside"],"_links":{"self":[{"href":"https:\/\/residence-aquitaine.fr\/blog\/wp-json\/wp\/v2\/posts\/169","targetHints":{"allow":["GET"]}}],"collection":[{"href":"https:\/\/residence-aquitaine.fr\/blog\/wp-json\/wp\/v2\/posts"}],"about":[{"href":"https:\/\/residence-aquitaine.fr\/blog\/wp-json\/wp\/v2\/types\/post"}],"author":[{"embeddable":true,"href":"https:\/\/residence-aquitaine.fr\/blog\/wp-json\/wp\/v2\/users\/1"}],"replies":[{"embeddable":true,"href":"https:\/\/residence-aquitaine.fr\/blog\/wp-json\/wp\/v2\/comments?post=169"}],"version-history":[{"count":2,"href":"https:\/\/residence-aquitaine.fr\/blog\/wp-json\/wp\/v2\/posts\/169\/revisions"}],"predecessor-version":[{"id":171,"href":"https:\/\/residence-aquitaine.fr\/blog\/wp-json\/wp\/v2\/posts\/169\/revisions\/171"}],"wp:attachment":[{"href":"https:\/\/residence-aquitaine.fr\/blog\/wp-json\/wp\/v2\/media?parent=169"}],"wp:term":[{"taxonomy":"category","embeddable":true,"href":"https:\/\/residence-aquitaine.fr\/blog\/wp-json\/wp\/v2\/categories?post=169"},{"taxonomy":"post_tag","embeddable":true,"href":"https:\/\/residence-aquitaine.fr\/blog\/wp-json\/wp\/v2\/tags?post=169"}],"curies":[{"name":"wp","href":"https:\/\/api.w.org\/{rel}","templated":true}]}}